{"id":1446,"date":"2026-08-31T09:28:31","date_gmt":"2026-08-31T13:28:31","guid":{"rendered":"https:\/\/draftidf.co.il\/news\/enforce-tac-2027-merz-to-reassume-patronage\/1446\/"},"modified":"2026-08-31T09:28:33","modified_gmt":"2026-08-31T13:28:33","slug":"enforce-tac-2027-merz-to-reassume-patronage","status":"publish","type":"post","link":"https:\/\/draftidf.co.il\/news\/enforce-tac-2027-merz-to-reassume-patronage\/1446\/","title":{"rendered":"Enforce Tac 2027: Merz to Reassume Patronage"},"content":{"rendered":"<style>@media (max-width:767px){.tdi_131{margin-top:0px!important}}<\/style>\n<style>.tdb_single_content{margin-bottom:0;*zoom:1}.tdb_single_content:before,.tdb_single_content:after{display:table;content:'';line-height:0}.tdb_single_content:after{clear:both}.tdb_single_content .tdb-block-inner>*:not(.wp-block-quote):not(.alignwide):not(.alignfull.wp-block-cover.has-parallax):not(.td-a-ad){margin-left:auto;margin-right:auto}.tdb_single_content a{pointer-events:auto}.tdb_single_content .td-spot-id-top_ad .tdc-placeholder-title:before{content:'Article Top Ad'!important}.tdb_single_content .td-spot-id-inline_ad0 .tdc-placeholder-title:before{content:'Article Inline Ad 1'!important}.tdb_single_content .td-spot-id-inline_ad1 .tdc-placeholder-title:before{content:'Article Inline Ad 2'!important}.tdb_single_content .td-spot-id-inline_ad2 .tdc-placeholder-title:before{content:'Article Inline Ad 3'!important}.tdb_single_content .td-spot-id-bottom_ad .tdc-placeholder-title:before{content:'Article Bottom Ad'!important}.tdb_single_content .id_top_ad,.tdb_single_content .id_bottom_ad{clear:both;margin-bottom:21px;text-align:center}.tdb_single_content .id_top_ad img,.tdb_single_content .id_bottom_ad img{margin-bottom:0}.tdb_single_content .id_top_ad .adsbygoogle,.tdb_single_content .id_bottom_ad .adsbygoogle{position:relative}.tdb_single_content .id_ad_content-horiz-left,.tdb_single_content .id_ad_content-horiz-right,.tdb_single_content .id_ad_content-horiz-center{margin-bottom:15px}.tdb_single_content .id_ad_content-horiz-left img,.tdb_single_content .id_ad_content-horiz-right img,.tdb_single_content .id_ad_content-horiz-center img{margin-bottom:0}.tdb_single_content .id_ad_content-horiz-center{text-align:center}.tdb_single_content .id_ad_content-horiz-center img{margin-right:auto;margin-left:auto}.tdb_single_content .id_ad_content-horiz-left{float:left;margin-top:9px;margin-right:21px}.tdb_single_content .id_ad_content-horiz-right{float:right;margin-top:6px;margin-left:21px}.tdb_single_content .tdc-a-ad .tdc-placeholder-title{width:300px;height:250px}.tdb_single_content .tdc-a-ad .tdc-placeholder-title:before{position:absolute;top:50%;-webkit-transform:translateY(-50%);transform:translateY(-50%);margin:auto;display:table;width:100%}.tdb_single_content .tdb-block-inner.td-fix-index{word-break:break-word}.tdi_131 h1,.tdi_131 h2,.tdi_131 h3:not(.tds-locker-title),.tdi_131 h4,.tdi_131 h5,.tdi_131 h6{color:var(--highlight-2)}@media (max-width:767px){.tdb_single_content .id_ad_content-horiz-left,.tdb_single_content .id_ad_content-horiz-right,.tdb_single_content .id_ad_content-horiz-center{margin:0 auto 26px auto}}@media (max-width:767px){.tdb_single_content .id_ad_content-horiz-left{margin-right:0}}@media (max-width:767px){.tdb_single_content .id_ad_content-horiz-right{margin-left:0}}@media (max-width:767px){.tdb_single_content .td-a-ad{float:none;text-align:center}.tdb_single_content .td-a-ad img{margin-right:auto;margin-left:auto}.tdb_single_content .tdc-a-ad{float:none}}<\/style>\n<div class=\"tdb-block-inner td-fix-index\">\n<p>Chancellor Friedrich Merz will once again assume the patronage of Enforce Tac. This was announced by N\u00fcrnbergMesse GmbH on Monday. Against the backdrop of growing security-political challenges, this underscores the event\u2019s importance as Germany\u2019s central platform for security and defense capability.<\/p>\n<p>The flagship trade fair for security and defense will take place from March 1 to 3, 2027 at the N\u00fcrnberg Exhibition Centre in Bavaria. Since 2012, the event has brought together decision-makers from politics, security authorities, the armed forces, industry, and research, and has actively reflected Europe\u2019s security-political developments. In doing so, Enforce Tac, according to its concept, created a protected framework for professional dialogue, cooperation, and networking.<\/p>\n<figure id=\"attachment_47670\" aria-describedby=\"caption-attachment-47670\" style=\"width: 696px\" class=\"wp-caption aligncenter\"><noscript><img fetchpriority=\"high\" decoding=\"async\" class=\"size-large wp-image-47670\" src=\"https:\/\/draftidf.co.il\/news\/wp-content\/uploads\/2026\/08\/Enforce-Tac-2027-Merz-to-Reassume-Patronage.webp\" alt=\"Mit der Armored Forces Area wurde auf der Enforce Tac 2026 erstmals ein eigenst\u00e4ndiger Schwerpunkt f\u00fcr landgebundene milit\u00e4rische F\u00e4higkeiten gesetzt.\" width=\"696\" height=\"464\" title=\"Enforce Tac: Merz \u00fcbernimmt 2027 erneut Schirmherrschaft 1\"   data-eio=\"l\"><\/noscript><\/figure>\n<h3 style=\"font-family: Roboto, sans-serif; color: #111111;\"><strong>Security Integrated and Cross-Sector Thinking<\/strong><\/h3>\n<p>\u201cThe security situation in Europe and in the world calls for close cooperation among our allies, technological innovation, and a resilient security architecture. Enforce Tac brings together those actors who bear responsibility for the defense capability of our country and that of our partners. Therefore, I am pleased to once again assume the patronage,\u201d explains Chancellor Friedrich Merz.<\/p>\n<p>Under the guiding theme \u201cIntegrated Security for a Resilient Europe,\u201d Enforce Tac 2027, according to the press release, focuses on current challenges facing security authorities, the armed forces, and the industry, just as it does on questions of technological sovereignty, industrial supply security, and common action capabilities. Central to it is the insight that security must be conceived and designed in an integrated manner along the entire security-relevant value chain. Enforce Tac sees itself as a laboratory for the future and a platform for innovations\u2014and at the same time as a place for strategic networking.<\/p>\n<h3><strong>Bavaria as an Established Hub for Security Dialogue<\/strong><\/h3>\n<p>According to N\u00fcrnbergMesse GmbH, Bavaria, with its capable security and defense industry and a strong research and innovation landscape, is among the formative locations of Europe\u2019s security architecture. Nuremberg has established itself as a central meeting point for the international security and defense industry. The strong political backing and especially the continuous support from the Bavarian state government have significantly fostered this development.<\/p>\n<p>\u201cThe renewed patronage by the Chancellor underscores the importance of Enforce Tac and the N\u00fcrnberg site for the European security dialogue. At the same time, Enforce Tac benefits from an environment in which strategic networking and industrial innovation capability are actively supported. Bavaria has, in recent years, provided important impulses for this,\u201d emphasized Peter Ottmann, Managing Director of N\u00fcrnbergMesse.<\/p>\n<figure id=\"attachment_47690\" aria-describedby=\"caption-attachment-47690\" style=\"width: 696px\" class=\"wp-caption aligncenter\"><img loading=\"lazy\" decoding=\"async\" class=\"size-large wp-image-47690 lazyload\" alt=\"Politischer Austausch zur k\u00fcnftigen Entwicklung der Enforce Tac und des Sicherheitsclusters der N\u00fcrnbergMesse: Andreas Krieglstein, Hubert Aiwanger, Peter Ottmann, Joachim Herrmann und Florian Herrmann (v. l.).\" width=\"696\" height=\"464\" title=\"Enforce Tac: Merz \u00fcbernimmt 2027 erneut Schirmherrschaft 4\" src=\"https:\/\/draftidf.co.il\/news\/wp-content\/uploads\/2026\/08\/1788182911_242_Enforce-Tac-2027-Merz-to-Reassume-Patronage.webp\"  data- data-eio-rwidth=\"1024\" data-eio-rheight=\"683\"><noscript><img loading=\"lazy\" decoding=\"async\" class=\"size-large wp-image-47690\" src=\"https:\/\/draftidf.co.il\/news\/wp-content\/uploads\/2026\/08\/1788182911_242_Enforce-Tac-2027-Merz-to-Reassume-Patronage.webp\" alt=\"Politischer Austausch zur k\u00fcnftigen Entwicklung der Enforce Tac und des Sicherheitsclusters der N\u00fcrnbergMesse: Andreas Krieglstein, Hubert Aiwanger, Peter Ottmann, Joachim Herrmann und Florian Herrmann (v. l.).\" width=\"696\" height=\"464\" title=\"Enforce Tac: Merz \u00fcbernimmt 2027 erneut Schirmherrschaft 4\"   data-eio=\"l\"><\/noscript><\/figure>\n<h3><strong>International Platform for Security and Defense<\/strong><\/h3>\n<p>Enforce Tac 2027 therefore covers the entire spectrum of security-related technologies and applications on around 80,000 m\u00b2 of exhibition space in ten halls at the N\u00fcrnberg Exhibition Centre. New hall clusters create, according to the press release, integrated spaces for technological innovation, operational requirements, and strategic dialogue. Here, users meet developers, industry meets purchasers, and political decision-makers meet security-relevant future technologies.<\/p>\n<p>With its access-restricted concept for members of the armed forces as well as authorities and organizations with police or military security tasks, Enforce Tac offers a protected framework for confidential conversations and professional exchange at the highest level. This clear orientation makes Enforce Tac what it is today: a central meeting point for those who actively shape security and defense capability in Germany and Europe.<\/p>\n","protected":false},"excerpt":{"rendered":"","protected":false},"author":1,"featured_media":1447,"comment_status":"closed","ping_status":"","sticky":false,"template":"","format":"standard","meta":{"footnotes":""},"categories":[1],"tags":[947,206,950,949,948],"class_list":["post-1446","post","type-post","status-publish","format-standard","has-post-thumbnail","hentry","category-uncategorized","tag-enforce","tag-merz","tag-patronage","tag-reassume","tag-tac","generate-columns","tablet-grid-50","mobile-grid-100","grid-parent","grid-33","resize-featured-image"],"yoast_head":"<!-- This site is optimized with the Yoast SEO plugin v27.2 - https:\/\/yoast.com\/product\/yoast-seo-wordpress\/ -->\n<title>Enforce Tac 2027: Merz to Reassume Patronage - Draft IDF<\/title>\n<meta name=\"robots\" content=\"index, follow, max-snippet:-1, max-image-preview:large, max-video-preview:-1\" \/>\n<link rel=\"canonical\" href=\"https:\/\/draftidf.co.il\/news\/enforce-tac-2027-merz-to-reassume-patronage\/1446\/\" \/>\n<meta property=\"og:locale\" content=\"en_US\" \/>\n<meta property=\"og:type\" content=\"article\" \/>\n<meta property=\"og:title\" content=\"Enforce Tac 2027: Merz to Reassume Patronage - Draft IDF\" \/>\n<meta property=\"og:url\" content=\"https:\/\/draftidf.co.il\/news\/enforce-tac-2027-merz-to-reassume-patronage\/1446\/\" \/>\n<meta property=\"og:site_name\" content=\"Draft IDF\" \/>\n<meta property=\"article:publisher\" content=\"https:\/\/www.facebook.com\/draftidf\/\" \/>\n<meta property=\"article:published_time\" content=\"2026-08-31T13:28:31+00:00\" \/>\n<meta property=\"article:modified_time\" content=\"2026-08-31T13:28:33+00:00\" \/>\n<meta property=\"og:image\" content=\"https:\/\/draftidf.co.il\/news\/wp-content\/uploads\/2026\/08\/Enforce-Tac-2027-Merz-to-Reassume-Patronage.jpg\" \/>\n\t<meta property=\"og:image:width\" content=\"1820\" \/>\n\t<meta property=\"og:image:height\" content=\"1214\" \/>\n\t<meta property=\"og:image:type\" content=\"image\/jpeg\" \/>\n<meta name=\"author\" content=\"Yosef Galil\" \/>\n<meta name=\"twitter:card\" content=\"summary_large_image\" \/>\n<meta name=\"twitter:label1\" content=\"Written by\" \/>\n\t<meta name=\"twitter:data1\" content=\"Yosef Galil\" \/>\n\t<meta name=\"twitter:label2\" content=\"Est. reading time\" \/>\n\t<meta name=\"twitter:data2\" content=\"3 minutes\" \/>\n<script type=\"application\/ld+json\" class=\"yoast-schema-graph\">{\"@context\":\"https:\/\/schema.org\",\"@graph\":[{\"@type\":\"NewsArticle\",\"@id\":\"https:\/\/draftidf.co.il\/news\/enforce-tac-2027-merz-to-reassume-patronage\/1446\/#article\",\"isPartOf\":{\"@id\":\"https:\/\/draftidf.co.il\/news\/enforce-tac-2027-merz-to-reassume-patronage\/1446\/\"},\"author\":{\"name\":\"Yosef Galil\",\"@id\":\"https:\/\/draftidf.co.il\/news\/#\/schema\/person\/790a4a1832002f0466d17f7df3bc8283\"},\"headline\":\"Enforce Tac 2027: Merz to Reassume Patronage\",\"datePublished\":\"2026-08-31T13:28:31+00:00\",\"dateModified\":\"2026-08-31T13:28:33+00:00\",\"mainEntityOfPage\":{\"@id\":\"https:\/\/draftidf.co.il\/news\/enforce-tac-2027-merz-to-reassume-patronage\/1446\/\"},\"wordCount\":539,\"publisher\":{\"@id\":\"https:\/\/draftidf.co.il\/news\/#organization\"},\"image\":{\"@id\":\"https:\/\/draftidf.co.il\/news\/enforce-tac-2027-merz-to-reassume-patronage\/1446\/#primaryimage\"},\"thumbnailUrl\":\"https:\/\/draftidf.co.il\/news\/wp-content\/uploads\/2026\/08\/Enforce-Tac-2027-Merz-to-Reassume-Patronage.jpg\",\"keywords\":[\"Enforce\",\"Merz\",\"Patronage\",\"Reassume\",\"Tac\"],\"inLanguage\":\"en-US\"},{\"@type\":\"WebPage\",\"@id\":\"https:\/\/draftidf.co.il\/news\/enforce-tac-2027-merz-to-reassume-patronage\/1446\/\",\"url\":\"https:\/\/draftidf.co.il\/news\/enforce-tac-2027-merz-to-reassume-patronage\/1446\/\",\"name\":\"Enforce Tac 2027: Merz to Reassume Patronage - Draft IDF\",\"isPartOf\":{\"@id\":\"https:\/\/draftidf.co.il\/news\/#website\"},\"primaryImageOfPage\":{\"@id\":\"https:\/\/draftidf.co.il\/news\/enforce-tac-2027-merz-to-reassume-patronage\/1446\/#primaryimage\"},\"image\":{\"@id\":\"https:\/\/draftidf.co.il\/news\/enforce-tac-2027-merz-to-reassume-patronage\/1446\/#primaryimage\"},\"thumbnailUrl\":\"https:\/\/draftidf.co.il\/news\/wp-content\/uploads\/2026\/08\/Enforce-Tac-2027-Merz-to-Reassume-Patronage.jpg\",\"datePublished\":\"2026-08-31T13:28:31+00:00\",\"dateModified\":\"2026-08-31T13:28:33+00:00\",\"breadcrumb\":{\"@id\":\"https:\/\/draftidf.co.il\/news\/enforce-tac-2027-merz-to-reassume-patronage\/1446\/#breadcrumb\"},\"inLanguage\":\"en-US\",\"potentialAction\":[{\"@type\":\"ReadAction\",\"target\":[\"https:\/\/draftidf.co.il\/news\/enforce-tac-2027-merz-to-reassume-patronage\/1446\/\"]}]},{\"@type\":\"ImageObject\",\"inLanguage\":\"en-US\",\"@id\":\"https:\/\/draftidf.co.il\/news\/enforce-tac-2027-merz-to-reassume-patronage\/1446\/#primaryimage\",\"url\":\"https:\/\/draftidf.co.il\/news\/wp-content\/uploads\/2026\/08\/Enforce-Tac-2027-Merz-to-Reassume-Patronage.jpg\",\"contentUrl\":\"https:\/\/draftidf.co.il\/news\/wp-content\/uploads\/2026\/08\/Enforce-Tac-2027-Merz-to-Reassume-Patronage.jpg\",\"width\":1820,\"height\":1214},{\"@type\":\"BreadcrumbList\",\"@id\":\"https:\/\/draftidf.co.il\/news\/enforce-tac-2027-merz-to-reassume-patronage\/1446\/#breadcrumb\",\"itemListElement\":[{\"@type\":\"ListItem\",\"position\":1,\"name\":\"Home\",\"item\":\"https:\/\/draftidf.co.il\/news\/\"},{\"@type\":\"ListItem\",\"position\":2,\"name\":\"Enforce Tac 2027: Merz to Reassume Patronage\"}]},{\"@type\":\"WebSite\",\"@id\":\"https:\/\/draftidf.co.il\/news\/#website\",\"url\":\"https:\/\/draftidf.co.il\/news\/\",\"name\":\"Draft IDF\",\"description\":\"\",\"publisher\":{\"@id\":\"https:\/\/draftidf.co.il\/news\/#organization\"},\"potentialAction\":[{\"@type\":\"SearchAction\",\"target\":{\"@type\":\"EntryPoint\",\"urlTemplate\":\"https:\/\/draftidf.co.il\/news\/?s={search_term_string}\"},\"query-input\":{\"@type\":\"PropertyValueSpecification\",\"valueRequired\":true,\"valueName\":\"search_term_string\"}}],\"inLanguage\":\"en-US\"},{\"@type\":\"Organization\",\"@id\":\"https:\/\/draftidf.co.il\/news\/#organization\",\"name\":\"Draft IDF\",\"url\":\"https:\/\/draftidf.co.il\/news\/\",\"logo\":{\"@type\":\"ImageObject\",\"inLanguage\":\"en-US\",\"@id\":\"https:\/\/draftidf.co.il\/news\/#\/schema\/logo\/image\/\",\"url\":\"https:\/\/draftidf.co.il\/news\/wp-content\/uploads\/2026\/03\/logo-draft-idf.jpg\",\"contentUrl\":\"https:\/\/draftidf.co.il\/news\/wp-content\/uploads\/2026\/03\/logo-draft-idf.jpg\",\"width\":413,\"height\":255,\"caption\":\"Draft IDF\"},\"image\":{\"@id\":\"https:\/\/draftidf.co.il\/news\/#\/schema\/logo\/image\/\"},\"sameAs\":[\"https:\/\/www.facebook.com\/draftidf\/\"]},{\"@type\":\"Person\",\"@id\":\"https:\/\/draftidf.co.il\/news\/#\/schema\/person\/790a4a1832002f0466d17f7df3bc8283\",\"name\":\"Yosef Galil\",\"image\":{\"@type\":\"ImageObject\",\"inLanguage\":\"en-US\",\"@id\":\"https:\/\/draftidf.co.il\/news\/wp-content\/uploads\/2026\/03\/cropped-Yosef-96x96.jpg\",\"url\":\"https:\/\/draftidf.co.il\/news\/wp-content\/uploads\/2026\/03\/cropped-Yosef-96x96.jpg\",\"contentUrl\":\"https:\/\/draftidf.co.il\/news\/wp-content\/uploads\/2026\/03\/cropped-Yosef-96x96.jpg\",\"caption\":\"Yosef Galil\"},\"description\":\"Yosef Galil is a writer specializing in security and Middle Eastern affairs. Through his analysis, he explores the military, geopolitical, and strategic dynamics shaping the region. On Draft IDF, he provides clear and informed insights into complex issues related to contemporary conflicts.\",\"sameAs\":[\"https:\/\/draftidf.co.il\/\"]}]}<\/script>\n<!-- \/ Yoast SEO plugin. -->","yoast_head_json":{"title":"Enforce Tac 2027: Merz to Reassume Patronage - Draft IDF","robots":{"index":"index","follow":"follow","max-snippet":"max-snippet:-1","max-image-preview":"max-image-preview:large","max-video-preview":"max-video-preview:-1"},"canonical":"https:\/\/draftidf.co.il\/news\/enforce-tac-2027-merz-to-reassume-patronage\/1446\/","og_locale":"en_US","og_type":"article","og_title":"Enforce Tac 2027: Merz to Reassume Patronage - Draft IDF","og_url":"https:\/\/draftidf.co.il\/news\/enforce-tac-2027-merz-to-reassume-patronage\/1446\/","og_site_name":"Draft IDF","article_publisher":"https:\/\/www.facebook.com\/draftidf\/","article_published_time":"2026-08-31T13:28:31+00:00","article_modified_time":"2026-08-31T13:28:33+00:00","og_image":[{"width":1820,"height":1214,"url":"https:\/\/draftidf.co.il\/news\/wp-content\/uploads\/2026\/08\/Enforce-Tac-2027-Merz-to-Reassume-Patronage.jpg","type":"image\/jpeg"}],"author":"Yosef Galil","twitter_card":"summary_large_image","twitter_misc":{"Written by":"Yosef Galil","Est. reading time":"3 minutes"},"schema":{"@context":"https:\/\/schema.org","@graph":[{"@type":"NewsArticle","@id":"https:\/\/draftidf.co.il\/news\/enforce-tac-2027-merz-to-reassume-patronage\/1446\/#article","isPartOf":{"@id":"https:\/\/draftidf.co.il\/news\/enforce-tac-2027-merz-to-reassume-patronage\/1446\/"},"author":{"name":"Yosef Galil","@id":"https:\/\/draftidf.co.il\/news\/#\/schema\/person\/790a4a1832002f0466d17f7df3bc8283"},"headline":"Enforce Tac 2027: Merz to Reassume Patronage","datePublished":"2026-08-31T13:28:31+00:00","dateModified":"2026-08-31T13:28:33+00:00","mainEntityOfPage":{"@id":"https:\/\/draftidf.co.il\/news\/enforce-tac-2027-merz-to-reassume-patronage\/1446\/"},"wordCount":539,"publisher":{"@id":"https:\/\/draftidf.co.il\/news\/#organization"},"image":{"@id":"https:\/\/draftidf.co.il\/news\/enforce-tac-2027-merz-to-reassume-patronage\/1446\/#primaryimage"},"thumbnailUrl":"https:\/\/draftidf.co.il\/news\/wp-content\/uploads\/2026\/08\/Enforce-Tac-2027-Merz-to-Reassume-Patronage.jpg","keywords":["Enforce","Merz","Patronage","Reassume","Tac"],"inLanguage":"en-US"},{"@type":"WebPage","@id":"https:\/\/draftidf.co.il\/news\/enforce-tac-2027-merz-to-reassume-patronage\/1446\/","url":"https:\/\/draftidf.co.il\/news\/enforce-tac-2027-merz-to-reassume-patronage\/1446\/","name":"Enforce Tac 2027: Merz to Reassume Patronage - Draft IDF","isPartOf":{"@id":"https:\/\/draftidf.co.il\/news\/#website"},"primaryImageOfPage":{"@id":"https:\/\/draftidf.co.il\/news\/enforce-tac-2027-merz-to-reassume-patronage\/1446\/#primaryimage"},"image":{"@id":"https:\/\/draftidf.co.il\/news\/enforce-tac-2027-merz-to-reassume-patronage\/1446\/#primaryimage"},"thumbnailUrl":"https:\/\/draftidf.co.il\/news\/wp-content\/uploads\/2026\/08\/Enforce-Tac-2027-Merz-to-Reassume-Patronage.jpg","datePublished":"2026-08-31T13:28:31+00:00","dateModified":"2026-08-31T13:28:33+00:00","breadcrumb":{"@id":"https:\/\/draftidf.co.il\/news\/enforce-tac-2027-merz-to-reassume-patronage\/1446\/#breadcrumb"},"inLanguage":"en-US","potentialAction":[{"@type":"ReadAction","target":["https:\/\/draftidf.co.il\/news\/enforce-tac-2027-merz-to-reassume-patronage\/1446\/"]}]},{"@type":"ImageObject","inLanguage":"en-US","@id":"https:\/\/draftidf.co.il\/news\/enforce-tac-2027-merz-to-reassume-patronage\/1446\/#primaryimage","url":"https:\/\/draftidf.co.il\/news\/wp-content\/uploads\/2026\/08\/Enforce-Tac-2027-Merz-to-Reassume-Patronage.jpg","contentUrl":"https:\/\/draftidf.co.il\/news\/wp-content\/uploads\/2026\/08\/Enforce-Tac-2027-Merz-to-Reassume-Patronage.jpg","width":1820,"height":1214},{"@type":"BreadcrumbList","@id":"https:\/\/draftidf.co.il\/news\/enforce-tac-2027-merz-to-reassume-patronage\/1446\/#breadcrumb","itemListElement":[{"@type":"ListItem","position":1,"name":"Home","item":"https:\/\/draftidf.co.il\/news\/"},{"@type":"ListItem","position":2,"name":"Enforce Tac 2027: Merz to Reassume Patronage"}]},{"@type":"WebSite","@id":"https:\/\/draftidf.co.il\/news\/#website","url":"https:\/\/draftidf.co.il\/news\/","name":"Draft IDF","description":"","publisher":{"@id":"https:\/\/draftidf.co.il\/news\/#organization"},"potentialAction":[{"@type":"SearchAction","target":{"@type":"EntryPoint","urlTemplate":"https:\/\/draftidf.co.il\/news\/?s={search_term_string}"},"query-input":{"@type":"PropertyValueSpecification","valueRequired":true,"valueName":"search_term_string"}}],"inLanguage":"en-US"},{"@type":"Organization","@id":"https:\/\/draftidf.co.il\/news\/#organization","name":"Draft IDF","url":"https:\/\/draftidf.co.il\/news\/","logo":{"@type":"ImageObject","inLanguage":"en-US","@id":"https:\/\/draftidf.co.il\/news\/#\/schema\/logo\/image\/","url":"https:\/\/draftidf.co.il\/news\/wp-content\/uploads\/2026\/03\/logo-draft-idf.jpg","contentUrl":"https:\/\/draftidf.co.il\/news\/wp-content\/uploads\/2026\/03\/logo-draft-idf.jpg","width":413,"height":255,"caption":"Draft IDF"},"image":{"@id":"https:\/\/draftidf.co.il\/news\/#\/schema\/logo\/image\/"},"sameAs":["https:\/\/www.facebook.com\/draftidf\/"]},{"@type":"Person","@id":"https:\/\/draftidf.co.il\/news\/#\/schema\/person\/790a4a1832002f0466d17f7df3bc8283","name":"Yosef Galil","image":{"@type":"ImageObject","inLanguage":"en-US","@id":"https:\/\/draftidf.co.il\/news\/wp-content\/uploads\/2026\/03\/cropped-Yosef-96x96.jpg","url":"https:\/\/draftidf.co.il\/news\/wp-content\/uploads\/2026\/03\/cropped-Yosef-96x96.jpg","contentUrl":"https:\/\/draftidf.co.il\/news\/wp-content\/uploads\/2026\/03\/cropped-Yosef-96x96.jpg","caption":"Yosef Galil"},"description":"Yosef Galil is a writer specializing in security and Middle Eastern affairs. Through his analysis, he explores the military, geopolitical, and strategic dynamics shaping the region. On Draft IDF, he provides clear and informed insights into complex issues related to contemporary conflicts.","sameAs":["https:\/\/draftidf.co.il\/"]}]}},"_links":{"self":[{"href":"https:\/\/draftidf.co.il\/news\/wp-json\/wp\/v2\/posts\/1446","targetHints":{"allow":["GET"]}}],"collection":[{"href":"https:\/\/draftidf.co.il\/news\/wp-json\/wp\/v2\/posts"}],"about":[{"href":"https:\/\/draftidf.co.il\/news\/wp-json\/wp\/v2\/types\/post"}],"author":[{"embeddable":true,"href":"https:\/\/draftidf.co.il\/news\/wp-json\/wp\/v2\/users\/1"}],"replies":[{"embeddable":true,"href":"https:\/\/draftidf.co.il\/news\/wp-json\/wp\/v2\/comments?post=1446"}],"version-history":[{"count":1,"href":"https:\/\/draftidf.co.il\/news\/wp-json\/wp\/v2\/posts\/1446\/revisions"}],"predecessor-version":[{"id":1448,"href":"https:\/\/draftidf.co.il\/news\/wp-json\/wp\/v2\/posts\/1446\/revisions\/1448"}],"wp:featuredmedia":[{"embeddable":true,"href":"https:\/\/draftidf.co.il\/news\/wp-json\/wp\/v2\/media\/1447"}],"wp:attachment":[{"href":"https:\/\/draftidf.co.il\/news\/wp-json\/wp\/v2\/media?parent=1446"}],"wp:term":[{"taxonomy":"category","embeddable":true,"href":"https:\/\/draftidf.co.il\/news\/wp-json\/wp\/v2\/categories?post=1446"},{"taxonomy":"post_tag","embeddable":true,"href":"https:\/\/draftidf.co.il\/news\/wp-json\/wp\/v2\/tags?post=1446"}],"curies":[{"name":"wp","href":"https:\/\/api.w.org\/{rel}","templated":true}]}}