{"id":1475,"date":"2026-09-03T09:26:05","date_gmt":"2026-09-03T13:26:05","guid":{"rendered":"https:\/\/draftidf.co.il\/news\/tatra-force-8x8-logistics-truck-debuts-at-mspo\/1475\/"},"modified":"2026-09-03T09:26:08","modified_gmt":"2026-09-03T13:26:08","slug":"tatra-force-8x8-logistics-truck-debuts-at-mspo","status":"publish","type":"post","link":"https:\/\/draftidf.co.il\/news\/tatra-force-8x8-logistics-truck-debuts-at-mspo\/1475\/","title":{"rendered":"Tatra Force 8&#215;8 Logistics Truck Debuts at MSPO"},"content":{"rendered":"<style>@media (max-width:767px){.tdi_131{margin-top:0px!important}}<\/style>\n<style>.tdb_single_content{margin-bottom:0;*zoom:1}.tdb_single_content:before,.tdb_single_content:after{display:table;content:'';line-height:0}.tdb_single_content:after{clear:both}.tdb_single_content .tdb-block-inner>*:not(.wp-block-quote):not(.alignwide):not(.alignfull.wp-block-cover.has-parallax):not(.td-a-ad){margin-left:auto;margin-right:auto}.tdb_single_content a{pointer-events:auto}.tdb_single_content .td-spot-id-top_ad .tdc-placeholder-title:before{content:'Article Top Ad'!important}.tdb_single_content .td-spot-id-inline_ad0 .tdc-placeholder-title:before{content:'Article Inline Ad 1'!important}.tdb_single_content .td-spot-id-inline_ad1 .tdc-placeholder-title:before{content:'Article Inline Ad 2'!important}.tdb_single_content .td-spot-id-inline_ad2 .tdc-placeholder-title:before{content:'Article Inline Ad 3'!important}.tdb_single_content .td-spot-id-bottom_ad .tdc-placeholder-title:before{content:'Article Bottom Ad'!important}.tdb_single_content .id_top_ad,.tdb_single_content .id_bottom_ad{clear:both;margin-bottom:21px;text-align:center}.tdb_single_content .id_top_ad img,.tdb_single_content .id_bottom_ad img{margin-bottom:0}.tdb_single_content .id_top_ad .adsbygoogle,.tdb_single_content .id_bottom_ad .adsbygoogle{position:relative}.tdb_single_content .id_ad_content-horiz-left,.tdb_single_content .id_ad_content-horiz-right,.tdb_single_content .id_ad_content-horiz-center{margin-bottom:15px}.tdb_single_content .id_ad_content-horiz-left img,.tdb_single_content .id_ad_content-horiz-right img,.tdb_single_content .id_ad_content-horiz-center img{margin-bottom:0}.tdb_single_content .id_ad_content-horiz-center{text-align:center}.tdb_single_content .id_ad_content-horiz-center img{margin-right:auto;margin-left:auto}.tdb_single_content .id_ad_content-horiz-left{float:left;margin-top:9px;margin-right:21px}.tdb_single_content .id_ad_content-horiz-right{float:right;margin-top:6px;margin-left:21px}.tdb_single_content .tdc-a-ad .tdc-placeholder-title{width:300px;height:250px}.tdb_single_content .tdc-a-ad .tdc-placeholder-title:before{position:absolute;top:50%;-webkit-transform:translateY(-50%);transform:translateY(-50%);margin:auto;display:table;width:100%}.tdb_single_content .tdb-block-inner.td-fix-index{word-break:break-word}.tdi_131 h1,.tdi_131 h2,.tdi_131 h3:not(.tds-locker-title),.tdi_131 h4,.tdi_131 h5,.tdi_131 h6{color:var(--highlight-2)}@media (max-width:767px){.tdb_single_content .id_ad_content-horiz-left,.tdb_single_content .id_ad_content-horiz-right,.tdb_single_content .id_ad_content-horiz-center{margin:0 auto 26px auto}}@media (max-width:767px){.tdb_single_content .id_ad_content-horiz-left{margin-right:0}}@media (max-width:767px){.tdb_single_content .id_ad_content-horiz-right{margin-left:0}}@media (max-width:767px){.tdb_single_content .td-a-ad{float:none;text-align:center}.tdb_single_content .td-a-ad img{margin-right:auto;margin-left:auto}.tdb_single_content .tdc-a-ad{float:none}}<\/style>\n<div class=\"tdb-block-inner td-fix-index\">\n<p>The arms group Czechoslovak Group (CSG) will be represented at the international defense trade fair \u201cMi\u0119dzynarodowy Salon Przemys\u0142u Obronnego\u201d (MSPO) from September 8 to 11 with numerous novelties. Alongside the 4\u00d74 multi-purpose vehicle Tadeas from Tatra Defence and the armored mortar carrier 4\u00d74 Patriot from Excalibur Army, the third generation of the heavy, tactical logistics vehicle 8\u00d78 Tatra Force from Tatra Export will be featured.<\/p>\n<h3><strong>Heavy, Tactical 8\u00d78 Logistics Vehicle Tatra Force<\/strong><\/h3>\n<p>The vehicle is shown as a flatbed truck with a completely new, extended four-door cab for a crew of up to six. This heavy tactical logistics vehicle is equipped with an updated, electronically controlled, air-cooled twelve-cylinder Tatra T3D-930 engine delivering 450 kW as well as an Allison automatic transmission (e.g., 4500SP). This enables a top speed of up to 100 km\/h.<\/p>\n<p>The new four-door cabin designed for military purposes features numerous safety elements as well as a modern interior with a digitized dashboard. The armored driver&#8217;s cabin provides ballistic protection as well as protection against mines and IEDs up to Level 3 according to STANAG 4569. Thanks to its low-profile design, the truck is suitable for transport in a C-130 Hercules. It can be equipped for self-protection of a weapon station and\/or a smoke-screen system.<\/p>\n<h3><strong>Tatra Force as a Weapon Platform<\/strong><\/h3>\n<p>The vehicle\u2019s permissible gross vehicle weight can reach up to 44 tons, with a payload of up to 25.5 tons. The vehicle is primarily intended for transporting containers and heavy cargo. Due to its rigid central backbone frame, the Tatra Force can also serve as a mobile platform for artillery, rocket, and air-defense systems.<\/p>\n<p><em>Author: Gerhard Heiming, Defense Economy Editor<\/em><\/p>\n<\/div>\n","protected":false},"excerpt":{"rendered":"","protected":false},"author":1,"featured_media":1476,"comment_status":"closed","ping_status":"","sticky":false,"template":"","format":"standard","meta":{"footnotes":""},"categories":[1],"tags":[913,975,424,233,976,973,974],"class_list":["post-1475","post","type-post","status-publish","format-standard","has-post-thumbnail","hentry","category-uncategorized","tag-8x8","tag-debuts","tag-force","tag-logistics","tag-mspo","tag-tatra","tag-truck","generate-columns","tablet-grid-50","mobile-grid-100","grid-parent","grid-33","resize-featured-image"],"yoast_head":"<!-- This site is optimized with the Yoast SEO plugin v27.2 - https:\/\/yoast.com\/product\/yoast-seo-wordpress\/ -->\n<title>Tatra Force 8x8 Logistics Truck Debuts at MSPO - Draft IDF<\/title>\n<meta name=\"robots\" content=\"index, follow, max-snippet:-1, max-image-preview:large, max-video-preview:-1\" \/>\n<link rel=\"canonical\" href=\"https:\/\/draftidf.co.il\/news\/tatra-force-8x8-logistics-truck-debuts-at-mspo\/1475\/\" \/>\n<meta property=\"og:locale\" content=\"en_US\" \/>\n<meta property=\"og:type\" content=\"article\" \/>\n<meta property=\"og:title\" content=\"Tatra Force 8x8 Logistics Truck Debuts at MSPO - Draft IDF\" \/>\n<meta property=\"og:url\" content=\"https:\/\/draftidf.co.il\/news\/tatra-force-8x8-logistics-truck-debuts-at-mspo\/1475\/\" \/>\n<meta property=\"og:site_name\" content=\"Draft IDF\" \/>\n<meta property=\"article:publisher\" content=\"https:\/\/www.facebook.com\/draftidf\/\" \/>\n<meta property=\"article:published_time\" content=\"2026-09-03T13:26:05+00:00\" \/>\n<meta property=\"article:modified_time\" content=\"2026-09-03T13:26:08+00:00\" \/>\n<meta property=\"og:image\" content=\"https:\/\/draftidf.co.il\/news\/wp-content\/uploads\/2026\/09\/Tatra-Force-8x8-Logistics-Truck-Debuts-at-MSPO.jpg\" \/>\n\t<meta property=\"og:image:width\" content=\"2000\" \/>\n\t<meta property=\"og:image:height\" content=\"1204\" \/>\n\t<meta property=\"og:image:type\" content=\"image\/jpeg\" \/>\n<meta name=\"author\" content=\"Yosef Galil\" \/>\n<meta name=\"twitter:card\" content=\"summary_large_image\" \/>\n<meta name=\"twitter:label1\" content=\"Written by\" \/>\n\t<meta name=\"twitter:data1\" content=\"Yosef Galil\" \/>\n\t<meta name=\"twitter:label2\" content=\"Est. reading time\" \/>\n\t<meta name=\"twitter:data2\" content=\"1 minute\" \/>\n<script type=\"application\/ld+json\" class=\"yoast-schema-graph\">{\"@context\":\"https:\/\/schema.org\",\"@graph\":[{\"@type\":\"NewsArticle\",\"@id\":\"https:\/\/draftidf.co.il\/news\/tatra-force-8x8-logistics-truck-debuts-at-mspo\/1475\/#article\",\"isPartOf\":{\"@id\":\"https:\/\/draftidf.co.il\/news\/tatra-force-8x8-logistics-truck-debuts-at-mspo\/1475\/\"},\"author\":{\"name\":\"Yosef Galil\",\"@id\":\"https:\/\/draftidf.co.il\/news\/#\/schema\/person\/790a4a1832002f0466d17f7df3bc8283\"},\"headline\":\"Tatra Force 8&#215;8 Logistics Truck Debuts at MSPO\",\"datePublished\":\"2026-09-03T13:26:05+00:00\",\"dateModified\":\"2026-09-03T13:26:08+00:00\",\"mainEntityOfPage\":{\"@id\":\"https:\/\/draftidf.co.il\/news\/tatra-force-8x8-logistics-truck-debuts-at-mspo\/1475\/\"},\"wordCount\":277,\"publisher\":{\"@id\":\"https:\/\/draftidf.co.il\/news\/#organization\"},\"image\":{\"@id\":\"https:\/\/draftidf.co.il\/news\/tatra-force-8x8-logistics-truck-debuts-at-mspo\/1475\/#primaryimage\"},\"thumbnailUrl\":\"https:\/\/draftidf.co.il\/news\/wp-content\/uploads\/2026\/09\/Tatra-Force-8x8-Logistics-Truck-Debuts-at-MSPO.jpg\",\"keywords\":[\"8x8\",\"Debuts\",\"Force\",\"Logistics\",\"MSPO\",\"Tatra\",\"Truck\"],\"inLanguage\":\"en-US\"},{\"@type\":\"WebPage\",\"@id\":\"https:\/\/draftidf.co.il\/news\/tatra-force-8x8-logistics-truck-debuts-at-mspo\/1475\/\",\"url\":\"https:\/\/draftidf.co.il\/news\/tatra-force-8x8-logistics-truck-debuts-at-mspo\/1475\/\",\"name\":\"Tatra Force 8x8 Logistics Truck Debuts at MSPO - Draft IDF\",\"isPartOf\":{\"@id\":\"https:\/\/draftidf.co.il\/news\/#website\"},\"primaryImageOfPage\":{\"@id\":\"https:\/\/draftidf.co.il\/news\/tatra-force-8x8-logistics-truck-debuts-at-mspo\/1475\/#primaryimage\"},\"image\":{\"@id\":\"https:\/\/draftidf.co.il\/news\/tatra-force-8x8-logistics-truck-debuts-at-mspo\/1475\/#primaryimage\"},\"thumbnailUrl\":\"https:\/\/draftidf.co.il\/news\/wp-content\/uploads\/2026\/09\/Tatra-Force-8x8-Logistics-Truck-Debuts-at-MSPO.jpg\",\"datePublished\":\"2026-09-03T13:26:05+00:00\",\"dateModified\":\"2026-09-03T13:26:08+00:00\",\"breadcrumb\":{\"@id\":\"https:\/\/draftidf.co.il\/news\/tatra-force-8x8-logistics-truck-debuts-at-mspo\/1475\/#breadcrumb\"},\"inLanguage\":\"en-US\",\"potentialAction\":[{\"@type\":\"ReadAction\",\"target\":[\"https:\/\/draftidf.co.il\/news\/tatra-force-8x8-logistics-truck-debuts-at-mspo\/1475\/\"]}]},{\"@type\":\"ImageObject\",\"inLanguage\":\"en-US\",\"@id\":\"https:\/\/draftidf.co.il\/news\/tatra-force-8x8-logistics-truck-debuts-at-mspo\/1475\/#primaryimage\",\"url\":\"https:\/\/draftidf.co.il\/news\/wp-content\/uploads\/2026\/09\/Tatra-Force-8x8-Logistics-Truck-Debuts-at-MSPO.jpg\",\"contentUrl\":\"https:\/\/draftidf.co.il\/news\/wp-content\/uploads\/2026\/09\/Tatra-Force-8x8-Logistics-Truck-Debuts-at-MSPO.jpg\",\"width\":2000,\"height\":1204},{\"@type\":\"BreadcrumbList\",\"@id\":\"https:\/\/draftidf.co.il\/news\/tatra-force-8x8-logistics-truck-debuts-at-mspo\/1475\/#breadcrumb\",\"itemListElement\":[{\"@type\":\"ListItem\",\"position\":1,\"name\":\"Home\",\"item\":\"https:\/\/draftidf.co.il\/news\/\"},{\"@type\":\"ListItem\",\"position\":2,\"name\":\"Tatra Force 8&#215;8 Logistics Truck Debuts at MSPO\"}]},{\"@type\":\"WebSite\",\"@id\":\"https:\/\/draftidf.co.il\/news\/#website\",\"url\":\"https:\/\/draftidf.co.il\/news\/\",\"name\":\"Draft IDF\",\"description\":\"\",\"publisher\":{\"@id\":\"https:\/\/draftidf.co.il\/news\/#organization\"},\"potentialAction\":[{\"@type\":\"SearchAction\",\"target\":{\"@type\":\"EntryPoint\",\"urlTemplate\":\"https:\/\/draftidf.co.il\/news\/?s={search_term_string}\"},\"query-input\":{\"@type\":\"PropertyValueSpecification\",\"valueRequired\":true,\"valueName\":\"search_term_string\"}}],\"inLanguage\":\"en-US\"},{\"@type\":\"Organization\",\"@id\":\"https:\/\/draftidf.co.il\/news\/#organization\",\"name\":\"Draft IDF\",\"url\":\"https:\/\/draftidf.co.il\/news\/\",\"logo\":{\"@type\":\"ImageObject\",\"inLanguage\":\"en-US\",\"@id\":\"https:\/\/draftidf.co.il\/news\/#\/schema\/logo\/image\/\",\"url\":\"https:\/\/draftidf.co.il\/news\/wp-content\/uploads\/2026\/03\/logo-draft-idf.jpg\",\"contentUrl\":\"https:\/\/draftidf.co.il\/news\/wp-content\/uploads\/2026\/03\/logo-draft-idf.jpg\",\"width\":413,\"height\":255,\"caption\":\"Draft IDF\"},\"image\":{\"@id\":\"https:\/\/draftidf.co.il\/news\/#\/schema\/logo\/image\/\"},\"sameAs\":[\"https:\/\/www.facebook.com\/draftidf\/\"]},{\"@type\":\"Person\",\"@id\":\"https:\/\/draftidf.co.il\/news\/#\/schema\/person\/790a4a1832002f0466d17f7df3bc8283\",\"name\":\"Yosef Galil\",\"image\":{\"@type\":\"ImageObject\",\"inLanguage\":\"en-US\",\"@id\":\"https:\/\/draftidf.co.il\/news\/wp-content\/uploads\/2026\/03\/cropped-Yosef-96x96.jpg\",\"url\":\"https:\/\/draftidf.co.il\/news\/wp-content\/uploads\/2026\/03\/cropped-Yosef-96x96.jpg\",\"contentUrl\":\"https:\/\/draftidf.co.il\/news\/wp-content\/uploads\/2026\/03\/cropped-Yosef-96x96.jpg\",\"caption\":\"Yosef Galil\"},\"description\":\"Yosef Galil is a writer specializing in security and Middle Eastern affairs. Through his analysis, he explores the military, geopolitical, and strategic dynamics shaping the region. On Draft IDF, he provides clear and informed insights into complex issues related to contemporary conflicts.\",\"sameAs\":[\"https:\/\/draftidf.co.il\/\"]}]}<\/script>\n<!-- \/ Yoast SEO plugin. -->","yoast_head_json":{"title":"Tatra Force 8x8 Logistics Truck Debuts at MSPO - Draft IDF","robots":{"index":"index","follow":"follow","max-snippet":"max-snippet:-1","max-image-preview":"max-image-preview:large","max-video-preview":"max-video-preview:-1"},"canonical":"https:\/\/draftidf.co.il\/news\/tatra-force-8x8-logistics-truck-debuts-at-mspo\/1475\/","og_locale":"en_US","og_type":"article","og_title":"Tatra Force 8x8 Logistics Truck Debuts at MSPO - Draft IDF","og_url":"https:\/\/draftidf.co.il\/news\/tatra-force-8x8-logistics-truck-debuts-at-mspo\/1475\/","og_site_name":"Draft IDF","article_publisher":"https:\/\/www.facebook.com\/draftidf\/","article_published_time":"2026-09-03T13:26:05+00:00","article_modified_time":"2026-09-03T13:26:08+00:00","og_image":[{"width":2000,"height":1204,"url":"https:\/\/draftidf.co.il\/news\/wp-content\/uploads\/2026\/09\/Tatra-Force-8x8-Logistics-Truck-Debuts-at-MSPO.jpg","type":"image\/jpeg"}],"author":"Yosef Galil","twitter_card":"summary_large_image","twitter_misc":{"Written by":"Yosef Galil","Est. reading time":"1 minute"},"schema":{"@context":"https:\/\/schema.org","@graph":[{"@type":"NewsArticle","@id":"https:\/\/draftidf.co.il\/news\/tatra-force-8x8-logistics-truck-debuts-at-mspo\/1475\/#article","isPartOf":{"@id":"https:\/\/draftidf.co.il\/news\/tatra-force-8x8-logistics-truck-debuts-at-mspo\/1475\/"},"author":{"name":"Yosef Galil","@id":"https:\/\/draftidf.co.il\/news\/#\/schema\/person\/790a4a1832002f0466d17f7df3bc8283"},"headline":"Tatra Force 8&#215;8 Logistics Truck Debuts at MSPO","datePublished":"2026-09-03T13:26:05+00:00","dateModified":"2026-09-03T13:26:08+00:00","mainEntityOfPage":{"@id":"https:\/\/draftidf.co.il\/news\/tatra-force-8x8-logistics-truck-debuts-at-mspo\/1475\/"},"wordCount":277,"publisher":{"@id":"https:\/\/draftidf.co.il\/news\/#organization"},"image":{"@id":"https:\/\/draftidf.co.il\/news\/tatra-force-8x8-logistics-truck-debuts-at-mspo\/1475\/#primaryimage"},"thumbnailUrl":"https:\/\/draftidf.co.il\/news\/wp-content\/uploads\/2026\/09\/Tatra-Force-8x8-Logistics-Truck-Debuts-at-MSPO.jpg","keywords":["8x8","Debuts","Force","Logistics","MSPO","Tatra","Truck"],"inLanguage":"en-US"},{"@type":"WebPage","@id":"https:\/\/draftidf.co.il\/news\/tatra-force-8x8-logistics-truck-debuts-at-mspo\/1475\/","url":"https:\/\/draftidf.co.il\/news\/tatra-force-8x8-logistics-truck-debuts-at-mspo\/1475\/","name":"Tatra Force 8x8 Logistics Truck Debuts at MSPO - Draft IDF","isPartOf":{"@id":"https:\/\/draftidf.co.il\/news\/#website"},"primaryImageOfPage":{"@id":"https:\/\/draftidf.co.il\/news\/tatra-force-8x8-logistics-truck-debuts-at-mspo\/1475\/#primaryimage"},"image":{"@id":"https:\/\/draftidf.co.il\/news\/tatra-force-8x8-logistics-truck-debuts-at-mspo\/1475\/#primaryimage"},"thumbnailUrl":"https:\/\/draftidf.co.il\/news\/wp-content\/uploads\/2026\/09\/Tatra-Force-8x8-Logistics-Truck-Debuts-at-MSPO.jpg","datePublished":"2026-09-03T13:26:05+00:00","dateModified":"2026-09-03T13:26:08+00:00","breadcrumb":{"@id":"https:\/\/draftidf.co.il\/news\/tatra-force-8x8-logistics-truck-debuts-at-mspo\/1475\/#breadcrumb"},"inLanguage":"en-US","potentialAction":[{"@type":"ReadAction","target":["https:\/\/draftidf.co.il\/news\/tatra-force-8x8-logistics-truck-debuts-at-mspo\/1475\/"]}]},{"@type":"ImageObject","inLanguage":"en-US","@id":"https:\/\/draftidf.co.il\/news\/tatra-force-8x8-logistics-truck-debuts-at-mspo\/1475\/#primaryimage","url":"https:\/\/draftidf.co.il\/news\/wp-content\/uploads\/2026\/09\/Tatra-Force-8x8-Logistics-Truck-Debuts-at-MSPO.jpg","contentUrl":"https:\/\/draftidf.co.il\/news\/wp-content\/uploads\/2026\/09\/Tatra-Force-8x8-Logistics-Truck-Debuts-at-MSPO.jpg","width":2000,"height":1204},{"@type":"BreadcrumbList","@id":"https:\/\/draftidf.co.il\/news\/tatra-force-8x8-logistics-truck-debuts-at-mspo\/1475\/#breadcrumb","itemListElement":[{"@type":"ListItem","position":1,"name":"Home","item":"https:\/\/draftidf.co.il\/news\/"},{"@type":"ListItem","position":2,"name":"Tatra Force 8&#215;8 Logistics Truck Debuts at MSPO"}]},{"@type":"WebSite","@id":"https:\/\/draftidf.co.il\/news\/#website","url":"https:\/\/draftidf.co.il\/news\/","name":"Draft IDF","description":"","publisher":{"@id":"https:\/\/draftidf.co.il\/news\/#organization"},"potentialAction":[{"@type":"SearchAction","target":{"@type":"EntryPoint","urlTemplate":"https:\/\/draftidf.co.il\/news\/?s={search_term_string}"},"query-input":{"@type":"PropertyValueSpecification","valueRequired":true,"valueName":"search_term_string"}}],"inLanguage":"en-US"},{"@type":"Organization","@id":"https:\/\/draftidf.co.il\/news\/#organization","name":"Draft IDF","url":"https:\/\/draftidf.co.il\/news\/","logo":{"@type":"ImageObject","inLanguage":"en-US","@id":"https:\/\/draftidf.co.il\/news\/#\/schema\/logo\/image\/","url":"https:\/\/draftidf.co.il\/news\/wp-content\/uploads\/2026\/03\/logo-draft-idf.jpg","contentUrl":"https:\/\/draftidf.co.il\/news\/wp-content\/uploads\/2026\/03\/logo-draft-idf.jpg","width":413,"height":255,"caption":"Draft IDF"},"image":{"@id":"https:\/\/draftidf.co.il\/news\/#\/schema\/logo\/image\/"},"sameAs":["https:\/\/www.facebook.com\/draftidf\/"]},{"@type":"Person","@id":"https:\/\/draftidf.co.il\/news\/#\/schema\/person\/790a4a1832002f0466d17f7df3bc8283","name":"Yosef Galil","image":{"@type":"ImageObject","inLanguage":"en-US","@id":"https:\/\/draftidf.co.il\/news\/wp-content\/uploads\/2026\/03\/cropped-Yosef-96x96.jpg","url":"https:\/\/draftidf.co.il\/news\/wp-content\/uploads\/2026\/03\/cropped-Yosef-96x96.jpg","contentUrl":"https:\/\/draftidf.co.il\/news\/wp-content\/uploads\/2026\/03\/cropped-Yosef-96x96.jpg","caption":"Yosef Galil"},"description":"Yosef Galil is a writer specializing in security and Middle Eastern affairs. Through his analysis, he explores the military, geopolitical, and strategic dynamics shaping the region. On Draft IDF, he provides clear and informed insights into complex issues related to contemporary conflicts.","sameAs":["https:\/\/draftidf.co.il\/"]}]}},"_links":{"self":[{"href":"https:\/\/draftidf.co.il\/news\/wp-json\/wp\/v2\/posts\/1475","targetHints":{"allow":["GET"]}}],"collection":[{"href":"https:\/\/draftidf.co.il\/news\/wp-json\/wp\/v2\/posts"}],"about":[{"href":"https:\/\/draftidf.co.il\/news\/wp-json\/wp\/v2\/types\/post"}],"author":[{"embeddable":true,"href":"https:\/\/draftidf.co.il\/news\/wp-json\/wp\/v2\/users\/1"}],"replies":[{"embeddable":true,"href":"https:\/\/draftidf.co.il\/news\/wp-json\/wp\/v2\/comments?post=1475"}],"version-history":[{"count":1,"href":"https:\/\/draftidf.co.il\/news\/wp-json\/wp\/v2\/posts\/1475\/revisions"}],"predecessor-version":[{"id":1477,"href":"https:\/\/draftidf.co.il\/news\/wp-json\/wp\/v2\/posts\/1475\/revisions\/1477"}],"wp:featuredmedia":[{"embeddable":true,"href":"https:\/\/draftidf.co.il\/news\/wp-json\/wp\/v2\/media\/1476"}],"wp:attachment":[{"href":"https:\/\/draftidf.co.il\/news\/wp-json\/wp\/v2\/media?parent=1475"}],"wp:term":[{"taxonomy":"category","embeddable":true,"href":"https:\/\/draftidf.co.il\/news\/wp-json\/wp\/v2\/categories?post=1475"},{"taxonomy":"post_tag","embeddable":true,"href":"https:\/\/draftidf.co.il\/news\/wp-json\/wp\/v2\/tags?post=1475"}],"curies":[{"name":"wp","href":"https:\/\/api.w.org\/{rel}","templated":true}]}}