{"id":809,"date":"2026-04-24T18:44:56","date_gmt":"2026-04-24T22:44:56","guid":{"rendered":"https:\/\/draftidf.co.il\/news\/spanish-marine-infantry-receives-superav-amphibious-vehicles\/809\/"},"modified":"2026-04-24T18:44:58","modified_gmt":"2026-04-24T22:44:58","slug":"spanish-marine-infantry-receives-superav-amphibious-vehicles","status":"publish","type":"post","link":"https:\/\/draftidf.co.il\/news\/spanish-marine-infantry-receives-superav-amphibious-vehicles\/809\/","title":{"rendered":"Spanish Marine Infantry Receives SuperAV Amphibious Vehicles"},"content":{"rendered":"<style>@media (max-width:767px){.tdi_131{margin-top:0px!important}}<\/style>\n<style>.tdb_single_content{margin-bottom:0;*zoom:1}.tdb_single_content:before,.tdb_single_content:after{display:table;content:'';line-height:0}.tdb_single_content:after{clear:both}.tdb_single_content .tdb-block-inner>*:not(.wp-block-quote):not(.alignwide):not(.alignfull.wp-block-cover.has-parallax):not(.td-a-ad){margin-left:auto;margin-right:auto}.tdb_single_content a{pointer-events:auto}.tdb_single_content .td-spot-id-top_ad .tdc-placeholder-title:before{content:'Article Top Ad'!important}.tdb_single_content .td-spot-id-inline_ad0 .tdc-placeholder-title:before{content:'Article Inline Ad 1'!important}.tdb_single_content .td-spot-id-inline_ad1 .tdc-placeholder-title:before{content:'Article Inline Ad 2'!important}.tdb_single_content .td-spot-id-inline_ad2 .tdc-placeholder-title:before{content:'Article Inline Ad 3'!important}.tdb_single_content .td-spot-id-bottom_ad .tdc-placeholder-title:before{content:'Article Bottom Ad'!important}.tdb_single_content .id_top_ad,.tdb_single_content .id_bottom_ad{clear:both;margin-bottom:21px;text-align:center}.tdb_single_content .id_top_ad img,.tdb_single_content .id_bottom_ad img{margin-bottom:0}.tdb_single_content .id_top_ad .adsbygoogle,.tdb_single_content .id_bottom_ad .adsbygoogle{position:relative}.tdb_single_content .id_ad_content-horiz-left,.tdb_single_content .id_ad_content-horiz-right,.tdb_single_content .id_ad_content-horiz-center{margin-bottom:15px}.tdb_single_content .id_ad_content-horiz-left img,.tdb_single_content .id_ad_content-horiz-right img,.tdb_single_content .id_ad_content-horiz-center img{margin-bottom:0}.tdb_single_content .id_ad_content-horiz-center{text-align:center}.tdb_single_content .id_ad_content-horiz-center img{margin-right:auto;margin-left:auto}.tdb_single_content .id_ad_content-horiz-left{float:left;margin-top:9px;margin-right:21px}.tdb_single_content .id_ad_content-horiz-right{float:right;margin-top:6px;margin-left:21px}.tdb_single_content .tdc-a-ad .tdc-placeholder-title{width:300px;height:250px}.tdb_single_content .tdc-a-ad .tdc-placeholder-title:before{position:absolute;top:50%;-webkit-transform:translateY(-50%);transform:translateY(-50%);margin:auto;display:table;width:100%}.tdb_single_content .tdb-block-inner.td-fix-index{word-break:break-word}.tdi_131 h1,.tdi_131 h2,.tdi_131 h3:not(.tds-locker-title),.tdi_131 h4,.tdi_131 h5,.tdi_131 h6{color:var(--highlight-2)}@media (max-width:767px){.tdb_single_content .id_ad_content-horiz-left,.tdb_single_content .id_ad_content-horiz-right,.tdb_single_content .id_ad_content-horiz-center{margin:0 auto 26px auto}}@media (max-width:767px){.tdb_single_content .id_ad_content-horiz-left{margin-right:0}}@media (max-width:767px){.tdb_single_content .id_ad_content-horiz-right{margin-left:0}}@media (max-width:767px){.tdb_single_content .td-a-ad{float:none;text-align:center}.tdb_single_content .td-a-ad img{margin-right:auto;margin-left:auto}.tdb_single_content .tdc-a-ad{float:none}}<\/style>\n<div class=\"tdb-block-inner td-fix-index\">\n<p>The Spanish defense contractor Indra Group has signed a contract as the leading system integrator for the procurement of the Iveco SuperAV, introduced by the U.S. Marine Corps (USMC) as the Amphibious Combat Vehicle (ACV), for the Spanish Marine Infantry. To that end, Indra Land Vehicles and Iveco Defence Vehicles (IDV), a company of the Leonardo group, have concluded a strategic agreement that lays the foundation for delivering the new amphibious combat vehicle.<\/p>\n<p>This vehicle was ordered by the Spanish Ministry of Defense under a special modernization program (PEM). IDV is responsible for development, intellectual property, and core components. IDV is already collaborating with BAE Systems to deliver the vehicle, known in Italy as the SuperAV, to the USMC. The Italian military has since become the second customer for the vehicle. Italy ordered 36 vehicles in 2022, and the order is expected to rise to 64 soon.<\/p>\n<h3><strong>SuperAV is called VACIM by the Spanish Marine Infantry<\/strong><\/h3>\n<p>IDV delivers 34 SuperAV 8\u00d78 platforms to Indra for system integration. In Spain, the vehicle is designated Veh\u00edculo anfibio de combate de infanter\u00eda de marina (VACIM). Four variants are being delivered: troop transporter, command and control vehicle, recovery vehicle, and medical vehicle. Unlike the US vehicles, which in the ACV-30 configuration are equipped with a Kongsberg 30-mm cannon turret, the Italian vehicles feature the Leonardo Hitrole Light remote-controlled turret with a 12.7-mm machine gun.<\/p>\n<p>The contract represents a major milestone in equipping the Spanish Marine Infantry with decisive, state-of-the-art, fully interoperable capabilities, while also strengthening its potential for amphibious operations and coastal deployments, Indra said in the announcement. The collaboration with IDV enables the integration of the latest platforms with high mobility, protection, and reliability for missions at sea and on land.<\/p>\n<h3><strong>Spain is the third customer<\/strong><\/h3>\n<p>\u201cThe 8\u00d78 SuperAV has already been selected by the U.S. Marine Corps and the Italian armed forces. In the United States, IDV&#8217;s amphibious platform serves as the basis for the ACV, delivered in partnership with BAE Systems. In Italy, the SuperAV equipped with Leonardo weapon systems forms the basis for the Veicolo Blindato Anfibio. Thanks to the contract signed with Indra, IDV delivers the high-end amphibious armored vehicle platform and thus enables Spain to renew and expand its national defense vehicle fleet,\u201d explained Nazario Bianchini, IDV&#8217;s Sales Director.<\/p>\n<p>Frank Torres, Chief Procurement Officer and CEO of Indra Land Vehicles, added: \u201cThe collaboration with IDV is a decisive step within the framework of the project to equip the Spanish Marine Infantry with the capabilities required for today\u2019s demanding scenarios and the beginning of a stable, long-term industrial partnership. The contract, together with the delivery of new special variants by Indra, will strengthen the amphibious capabilities of our armed forces and enable Indra to continue building a robust, innovative, and forward-looking industrial base.\u201d<\/p>\n<\/div>\n","protected":false},"excerpt":{"rendered":"","protected":false},"author":1,"featured_media":810,"comment_status":"closed","ping_status":"","sticky":false,"template":"","format":"standard","meta":{"footnotes":""},"categories":[1],"tags":[176,200,199,201,198,202,203],"class_list":["post-809","post","type-post","status-publish","format-standard","has-post-thumbnail","hentry","category-uncategorized","tag-amphibious","tag-infantry","tag-marine","tag-receives","tag-spanish","tag-superav","tag-vehicles","generate-columns","tablet-grid-50","mobile-grid-100","grid-parent","grid-33","resize-featured-image"],"yoast_head":"<!-- This site is optimized with the Yoast SEO plugin v27.2 - https:\/\/yoast.com\/product\/yoast-seo-wordpress\/ -->\n<title>Spanish Marine Infantry Receives SuperAV Amphibious Vehicles - Draft IDF<\/title>\n<meta name=\"robots\" content=\"index, follow, max-snippet:-1, max-image-preview:large, max-video-preview:-1\" \/>\n<link rel=\"canonical\" href=\"https:\/\/draftidf.co.il\/news\/spanish-marine-infantry-receives-superav-amphibious-vehicles\/809\/\" \/>\n<meta property=\"og:locale\" content=\"en_US\" \/>\n<meta property=\"og:type\" content=\"article\" \/>\n<meta property=\"og:title\" content=\"Spanish Marine Infantry Receives SuperAV Amphibious Vehicles - Draft IDF\" \/>\n<meta property=\"og:url\" content=\"https:\/\/draftidf.co.il\/news\/spanish-marine-infantry-receives-superav-amphibious-vehicles\/809\/\" \/>\n<meta property=\"og:site_name\" content=\"Draft IDF\" \/>\n<meta property=\"article:publisher\" content=\"https:\/\/www.facebook.com\/draftidf\/\" \/>\n<meta property=\"article:published_time\" content=\"2026-04-24T22:44:56+00:00\" \/>\n<meta property=\"article:modified_time\" content=\"2026-04-24T22:44:58+00:00\" \/>\n<meta property=\"og:image\" content=\"https:\/\/draftidf.co.il\/news\/wp-content\/uploads\/2026\/04\/Spanish-Marine-Infantry-Receives-SuperAV-Amphibious-Vehicles.jpg\" \/>\n\t<meta property=\"og:image:width\" content=\"1920\" \/>\n\t<meta property=\"og:image:height\" content=\"1248\" \/>\n\t<meta property=\"og:image:type\" content=\"image\/jpeg\" \/>\n<meta name=\"author\" content=\"Yosef Galil\" \/>\n<meta name=\"twitter:card\" content=\"summary_large_image\" \/>\n<meta name=\"twitter:label1\" content=\"Written by\" \/>\n\t<meta name=\"twitter:data1\" content=\"Yosef Galil\" \/>\n\t<meta name=\"twitter:label2\" content=\"Est. reading time\" \/>\n\t<meta name=\"twitter:data2\" content=\"2 minutes\" \/>\n<script type=\"application\/ld+json\" class=\"yoast-schema-graph\">{\"@context\":\"https:\/\/schema.org\",\"@graph\":[{\"@type\":\"NewsArticle\",\"@id\":\"https:\/\/draftidf.co.il\/news\/spanish-marine-infantry-receives-superav-amphibious-vehicles\/809\/#article\",\"isPartOf\":{\"@id\":\"https:\/\/draftidf.co.il\/news\/spanish-marine-infantry-receives-superav-amphibious-vehicles\/809\/\"},\"author\":{\"name\":\"Yosef Galil\",\"@id\":\"https:\/\/draftidf.co.il\/news\/#\/schema\/person\/790a4a1832002f0466d17f7df3bc8283\"},\"headline\":\"Spanish Marine Infantry Receives SuperAV Amphibious Vehicles\",\"datePublished\":\"2026-04-24T22:44:56+00:00\",\"dateModified\":\"2026-04-24T22:44:58+00:00\",\"mainEntityOfPage\":{\"@id\":\"https:\/\/draftidf.co.il\/news\/spanish-marine-infantry-receives-superav-amphibious-vehicles\/809\/\"},\"wordCount\":472,\"publisher\":{\"@id\":\"https:\/\/draftidf.co.il\/news\/#organization\"},\"image\":{\"@id\":\"https:\/\/draftidf.co.il\/news\/spanish-marine-infantry-receives-superav-amphibious-vehicles\/809\/#primaryimage\"},\"thumbnailUrl\":\"https:\/\/draftidf.co.il\/news\/wp-content\/uploads\/2026\/04\/Spanish-Marine-Infantry-Receives-SuperAV-Amphibious-Vehicles.jpg\",\"keywords\":[\"Amphibious\",\"Infantry\",\"Marine\",\"Receives\",\"Spanish\",\"SuperAV\",\"Vehicles\"],\"inLanguage\":\"en-US\"},{\"@type\":\"WebPage\",\"@id\":\"https:\/\/draftidf.co.il\/news\/spanish-marine-infantry-receives-superav-amphibious-vehicles\/809\/\",\"url\":\"https:\/\/draftidf.co.il\/news\/spanish-marine-infantry-receives-superav-amphibious-vehicles\/809\/\",\"name\":\"Spanish Marine Infantry Receives SuperAV Amphibious Vehicles - Draft IDF\",\"isPartOf\":{\"@id\":\"https:\/\/draftidf.co.il\/news\/#website\"},\"primaryImageOfPage\":{\"@id\":\"https:\/\/draftidf.co.il\/news\/spanish-marine-infantry-receives-superav-amphibious-vehicles\/809\/#primaryimage\"},\"image\":{\"@id\":\"https:\/\/draftidf.co.il\/news\/spanish-marine-infantry-receives-superav-amphibious-vehicles\/809\/#primaryimage\"},\"thumbnailUrl\":\"https:\/\/draftidf.co.il\/news\/wp-content\/uploads\/2026\/04\/Spanish-Marine-Infantry-Receives-SuperAV-Amphibious-Vehicles.jpg\",\"datePublished\":\"2026-04-24T22:44:56+00:00\",\"dateModified\":\"2026-04-24T22:44:58+00:00\",\"breadcrumb\":{\"@id\":\"https:\/\/draftidf.co.il\/news\/spanish-marine-infantry-receives-superav-amphibious-vehicles\/809\/#breadcrumb\"},\"inLanguage\":\"en-US\",\"potentialAction\":[{\"@type\":\"ReadAction\",\"target\":[\"https:\/\/draftidf.co.il\/news\/spanish-marine-infantry-receives-superav-amphibious-vehicles\/809\/\"]}]},{\"@type\":\"ImageObject\",\"inLanguage\":\"en-US\",\"@id\":\"https:\/\/draftidf.co.il\/news\/spanish-marine-infantry-receives-superav-amphibious-vehicles\/809\/#primaryimage\",\"url\":\"https:\/\/draftidf.co.il\/news\/wp-content\/uploads\/2026\/04\/Spanish-Marine-Infantry-Receives-SuperAV-Amphibious-Vehicles.jpg\",\"contentUrl\":\"https:\/\/draftidf.co.il\/news\/wp-content\/uploads\/2026\/04\/Spanish-Marine-Infantry-Receives-SuperAV-Amphibious-Vehicles.jpg\",\"width\":1920,\"height\":1248},{\"@type\":\"BreadcrumbList\",\"@id\":\"https:\/\/draftidf.co.il\/news\/spanish-marine-infantry-receives-superav-amphibious-vehicles\/809\/#breadcrumb\",\"itemListElement\":[{\"@type\":\"ListItem\",\"position\":1,\"name\":\"Home\",\"item\":\"https:\/\/draftidf.co.il\/news\/\"},{\"@type\":\"ListItem\",\"position\":2,\"name\":\"Spanish Marine Infantry Receives SuperAV Amphibious Vehicles\"}]},{\"@type\":\"WebSite\",\"@id\":\"https:\/\/draftidf.co.il\/news\/#website\",\"url\":\"https:\/\/draftidf.co.il\/news\/\",\"name\":\"Draft IDF\",\"description\":\"\",\"publisher\":{\"@id\":\"https:\/\/draftidf.co.il\/news\/#organization\"},\"potentialAction\":[{\"@type\":\"SearchAction\",\"target\":{\"@type\":\"EntryPoint\",\"urlTemplate\":\"https:\/\/draftidf.co.il\/news\/?s={search_term_string}\"},\"query-input\":{\"@type\":\"PropertyValueSpecification\",\"valueRequired\":true,\"valueName\":\"search_term_string\"}}],\"inLanguage\":\"en-US\"},{\"@type\":\"Organization\",\"@id\":\"https:\/\/draftidf.co.il\/news\/#organization\",\"name\":\"Draft IDF\",\"url\":\"https:\/\/draftidf.co.il\/news\/\",\"logo\":{\"@type\":\"ImageObject\",\"inLanguage\":\"en-US\",\"@id\":\"https:\/\/draftidf.co.il\/news\/#\/schema\/logo\/image\/\",\"url\":\"https:\/\/draftidf.co.il\/news\/wp-content\/uploads\/2026\/03\/logo-draft-idf.jpg\",\"contentUrl\":\"https:\/\/draftidf.co.il\/news\/wp-content\/uploads\/2026\/03\/logo-draft-idf.jpg\",\"width\":413,\"height\":255,\"caption\":\"Draft IDF\"},\"image\":{\"@id\":\"https:\/\/draftidf.co.il\/news\/#\/schema\/logo\/image\/\"},\"sameAs\":[\"https:\/\/www.facebook.com\/draftidf\/\"]},{\"@type\":\"Person\",\"@id\":\"https:\/\/draftidf.co.il\/news\/#\/schema\/person\/790a4a1832002f0466d17f7df3bc8283\",\"name\":\"Yosef Galil\",\"image\":{\"@type\":\"ImageObject\",\"inLanguage\":\"en-US\",\"@id\":\"https:\/\/draftidf.co.il\/news\/wp-content\/uploads\/2026\/03\/cropped-Yosef-96x96.jpg\",\"url\":\"https:\/\/draftidf.co.il\/news\/wp-content\/uploads\/2026\/03\/cropped-Yosef-96x96.jpg\",\"contentUrl\":\"https:\/\/draftidf.co.il\/news\/wp-content\/uploads\/2026\/03\/cropped-Yosef-96x96.jpg\",\"caption\":\"Yosef Galil\"},\"description\":\"Yosef Galil is a writer specializing in security and Middle Eastern affairs. Through his analysis, he explores the military, geopolitical, and strategic dynamics shaping the region. On Draft IDF, he provides clear and informed insights into complex issues related to contemporary conflicts.\",\"sameAs\":[\"https:\/\/draftidf.co.il\/\"]}]}<\/script>\n<!-- \/ Yoast SEO plugin. -->","yoast_head_json":{"title":"Spanish Marine Infantry Receives SuperAV Amphibious Vehicles - Draft IDF","robots":{"index":"index","follow":"follow","max-snippet":"max-snippet:-1","max-image-preview":"max-image-preview:large","max-video-preview":"max-video-preview:-1"},"canonical":"https:\/\/draftidf.co.il\/news\/spanish-marine-infantry-receives-superav-amphibious-vehicles\/809\/","og_locale":"en_US","og_type":"article","og_title":"Spanish Marine Infantry Receives SuperAV Amphibious Vehicles - Draft IDF","og_url":"https:\/\/draftidf.co.il\/news\/spanish-marine-infantry-receives-superav-amphibious-vehicles\/809\/","og_site_name":"Draft IDF","article_publisher":"https:\/\/www.facebook.com\/draftidf\/","article_published_time":"2026-04-24T22:44:56+00:00","article_modified_time":"2026-04-24T22:44:58+00:00","og_image":[{"width":1920,"height":1248,"url":"https:\/\/draftidf.co.il\/news\/wp-content\/uploads\/2026\/04\/Spanish-Marine-Infantry-Receives-SuperAV-Amphibious-Vehicles.jpg","type":"image\/jpeg"}],"author":"Yosef Galil","twitter_card":"summary_large_image","twitter_misc":{"Written by":"Yosef Galil","Est. reading time":"2 minutes"},"schema":{"@context":"https:\/\/schema.org","@graph":[{"@type":"NewsArticle","@id":"https:\/\/draftidf.co.il\/news\/spanish-marine-infantry-receives-superav-amphibious-vehicles\/809\/#article","isPartOf":{"@id":"https:\/\/draftidf.co.il\/news\/spanish-marine-infantry-receives-superav-amphibious-vehicles\/809\/"},"author":{"name":"Yosef Galil","@id":"https:\/\/draftidf.co.il\/news\/#\/schema\/person\/790a4a1832002f0466d17f7df3bc8283"},"headline":"Spanish Marine Infantry Receives SuperAV Amphibious Vehicles","datePublished":"2026-04-24T22:44:56+00:00","dateModified":"2026-04-24T22:44:58+00:00","mainEntityOfPage":{"@id":"https:\/\/draftidf.co.il\/news\/spanish-marine-infantry-receives-superav-amphibious-vehicles\/809\/"},"wordCount":472,"publisher":{"@id":"https:\/\/draftidf.co.il\/news\/#organization"},"image":{"@id":"https:\/\/draftidf.co.il\/news\/spanish-marine-infantry-receives-superav-amphibious-vehicles\/809\/#primaryimage"},"thumbnailUrl":"https:\/\/draftidf.co.il\/news\/wp-content\/uploads\/2026\/04\/Spanish-Marine-Infantry-Receives-SuperAV-Amphibious-Vehicles.jpg","keywords":["Amphibious","Infantry","Marine","Receives","Spanish","SuperAV","Vehicles"],"inLanguage":"en-US"},{"@type":"WebPage","@id":"https:\/\/draftidf.co.il\/news\/spanish-marine-infantry-receives-superav-amphibious-vehicles\/809\/","url":"https:\/\/draftidf.co.il\/news\/spanish-marine-infantry-receives-superav-amphibious-vehicles\/809\/","name":"Spanish Marine Infantry Receives SuperAV Amphibious Vehicles - Draft IDF","isPartOf":{"@id":"https:\/\/draftidf.co.il\/news\/#website"},"primaryImageOfPage":{"@id":"https:\/\/draftidf.co.il\/news\/spanish-marine-infantry-receives-superav-amphibious-vehicles\/809\/#primaryimage"},"image":{"@id":"https:\/\/draftidf.co.il\/news\/spanish-marine-infantry-receives-superav-amphibious-vehicles\/809\/#primaryimage"},"thumbnailUrl":"https:\/\/draftidf.co.il\/news\/wp-content\/uploads\/2026\/04\/Spanish-Marine-Infantry-Receives-SuperAV-Amphibious-Vehicles.jpg","datePublished":"2026-04-24T22:44:56+00:00","dateModified":"2026-04-24T22:44:58+00:00","breadcrumb":{"@id":"https:\/\/draftidf.co.il\/news\/spanish-marine-infantry-receives-superav-amphibious-vehicles\/809\/#breadcrumb"},"inLanguage":"en-US","potentialAction":[{"@type":"ReadAction","target":["https:\/\/draftidf.co.il\/news\/spanish-marine-infantry-receives-superav-amphibious-vehicles\/809\/"]}]},{"@type":"ImageObject","inLanguage":"en-US","@id":"https:\/\/draftidf.co.il\/news\/spanish-marine-infantry-receives-superav-amphibious-vehicles\/809\/#primaryimage","url":"https:\/\/draftidf.co.il\/news\/wp-content\/uploads\/2026\/04\/Spanish-Marine-Infantry-Receives-SuperAV-Amphibious-Vehicles.jpg","contentUrl":"https:\/\/draftidf.co.il\/news\/wp-content\/uploads\/2026\/04\/Spanish-Marine-Infantry-Receives-SuperAV-Amphibious-Vehicles.jpg","width":1920,"height":1248},{"@type":"BreadcrumbList","@id":"https:\/\/draftidf.co.il\/news\/spanish-marine-infantry-receives-superav-amphibious-vehicles\/809\/#breadcrumb","itemListElement":[{"@type":"ListItem","position":1,"name":"Home","item":"https:\/\/draftidf.co.il\/news\/"},{"@type":"ListItem","position":2,"name":"Spanish Marine Infantry Receives SuperAV Amphibious Vehicles"}]},{"@type":"WebSite","@id":"https:\/\/draftidf.co.il\/news\/#website","url":"https:\/\/draftidf.co.il\/news\/","name":"Draft IDF","description":"","publisher":{"@id":"https:\/\/draftidf.co.il\/news\/#organization"},"potentialAction":[{"@type":"SearchAction","target":{"@type":"EntryPoint","urlTemplate":"https:\/\/draftidf.co.il\/news\/?s={search_term_string}"},"query-input":{"@type":"PropertyValueSpecification","valueRequired":true,"valueName":"search_term_string"}}],"inLanguage":"en-US"},{"@type":"Organization","@id":"https:\/\/draftidf.co.il\/news\/#organization","name":"Draft IDF","url":"https:\/\/draftidf.co.il\/news\/","logo":{"@type":"ImageObject","inLanguage":"en-US","@id":"https:\/\/draftidf.co.il\/news\/#\/schema\/logo\/image\/","url":"https:\/\/draftidf.co.il\/news\/wp-content\/uploads\/2026\/03\/logo-draft-idf.jpg","contentUrl":"https:\/\/draftidf.co.il\/news\/wp-content\/uploads\/2026\/03\/logo-draft-idf.jpg","width":413,"height":255,"caption":"Draft IDF"},"image":{"@id":"https:\/\/draftidf.co.il\/news\/#\/schema\/logo\/image\/"},"sameAs":["https:\/\/www.facebook.com\/draftidf\/"]},{"@type":"Person","@id":"https:\/\/draftidf.co.il\/news\/#\/schema\/person\/790a4a1832002f0466d17f7df3bc8283","name":"Yosef Galil","image":{"@type":"ImageObject","inLanguage":"en-US","@id":"https:\/\/draftidf.co.il\/news\/wp-content\/uploads\/2026\/03\/cropped-Yosef-96x96.jpg","url":"https:\/\/draftidf.co.il\/news\/wp-content\/uploads\/2026\/03\/cropped-Yosef-96x96.jpg","contentUrl":"https:\/\/draftidf.co.il\/news\/wp-content\/uploads\/2026\/03\/cropped-Yosef-96x96.jpg","caption":"Yosef Galil"},"description":"Yosef Galil is a writer specializing in security and Middle Eastern affairs. Through his analysis, he explores the military, geopolitical, and strategic dynamics shaping the region. On Draft IDF, he provides clear and informed insights into complex issues related to contemporary conflicts.","sameAs":["https:\/\/draftidf.co.il\/"]}]}},"_links":{"self":[{"href":"https:\/\/draftidf.co.il\/news\/wp-json\/wp\/v2\/posts\/809","targetHints":{"allow":["GET"]}}],"collection":[{"href":"https:\/\/draftidf.co.il\/news\/wp-json\/wp\/v2\/posts"}],"about":[{"href":"https:\/\/draftidf.co.il\/news\/wp-json\/wp\/v2\/types\/post"}],"author":[{"embeddable":true,"href":"https:\/\/draftidf.co.il\/news\/wp-json\/wp\/v2\/users\/1"}],"replies":[{"embeddable":true,"href":"https:\/\/draftidf.co.il\/news\/wp-json\/wp\/v2\/comments?post=809"}],"version-history":[{"count":1,"href":"https:\/\/draftidf.co.il\/news\/wp-json\/wp\/v2\/posts\/809\/revisions"}],"predecessor-version":[{"id":811,"href":"https:\/\/draftidf.co.il\/news\/wp-json\/wp\/v2\/posts\/809\/revisions\/811"}],"wp:featuredmedia":[{"embeddable":true,"href":"https:\/\/draftidf.co.il\/news\/wp-json\/wp\/v2\/media\/810"}],"wp:attachment":[{"href":"https:\/\/draftidf.co.il\/news\/wp-json\/wp\/v2\/media?parent=809"}],"wp:term":[{"taxonomy":"category","embeddable":true,"href":"https:\/\/draftidf.co.il\/news\/wp-json\/wp\/v2\/categories?post=809"},{"taxonomy":"post_tag","embeddable":true,"href":"https:\/\/draftidf.co.il\/news\/wp-json\/wp\/v2\/tags?post=809"}],"curies":[{"name":"wp","href":"https:\/\/api.w.org\/{rel}","templated":true}]}}